{"id":987791846,"date":"2025-11-26T09:06:47","date_gmt":"2025-11-26T08:06:47","guid":{"rendered":"https:\/\/p4h.world\/?post_type=news&#038;p=987791846"},"modified":"2025-11-26T09:10:04","modified_gmt":"2025-11-26T08:10:04","slug":"lautriche-lance-un-fonds-de-reforme-de-la-sante-de-500-millions-deuros-pour-renforcer-le-systeme-de-soins","status":"publish","type":"news","link":"https:\/\/p4h.world\/fr\/news\/lautriche-lance-un-fonds-de-reforme-de-la-sante-de-500-millions-deuros-pour-renforcer-le-systeme-de-soins\/","title":{"rendered":"L&#8217;Autriche lance un fonds de r\u00e9forme de la sant\u00e9 de 500 millions d&#8217;euros pour renforcer le syst\u00e8me de soins"},"content":{"rendered":"<p>[et_pb_section fb_built=&#8221;1&#8243; admin_label=&#8221;! !! N&#039;\u00c9DITEZ PAS ! !! &#8221; _builder_version=&#8221;4.19.5&#8243; _module_preset=&#8221;default&#8221; global_colors_info=&#8221;{}&#8221;][et_pb_row admin_label=&#8221;!!! PLEASE DO NOT EDIT !!!&#8221; _builder_version=&#8221;4.19.5&#8243; _module_preset=&#8221;default&#8221; global_colors_info=&#8221;{}&#8221;][et_pb_column type=&#8221;4_4&#8243; _builder_version=&#8221;4.19.5&#8243; _module_preset=&#8221;default&#8221; global_colors_info=&#8221;{}&#8221;][et_pb_text admin_label=&#8221;TO BE EDITED &#8211; SUMMARY &#8211; Click on the WHEEL icon to open the textarea where you can paste or type your summary. The summary condenses the main points for the news that starts below. The summary is in bold and not longer than 300 characters, including spaces. The counter at the bottom can help.&#8221; _builder_version=&#8221;4.21.0&#8243; _module_preset=&#8221;default&#8221; custom_padding=&#8221;||20px||false|false&#8221; global_colors_info=&#8221;{}&#8221;]<\/p>\n<p><strong>Le gouvernement de coalition autrichien va lancer un fonds de r\u00e9forme de la sant\u00e9 de 500 millions d&#8217;euros par an pour d\u00e9velopper les soins primaires, renforcer la pr\u00e9vention et stimuler les services de sant\u00e9 num\u00e9riques. Accueilli favorablement par les agences de sant\u00e9, le plan fait face \u00e0 la critique des Verts pour son manque de r\u00e9forme structurelle et la cr\u00e9ation de trois fonds distincts avec des conseils nomm\u00e9s politiquement au lieu d&#8217;un syst\u00e8me unifi\u00e9. <\/strong><\/p>\n<p>[\/et_pb_text][et_pb_text admin_label=&#8221;TO BE EDITED &#8211; TEXT OF THE NEWS &#8211; BLOCK 1 &#8211; Click on the WHEEL icon to open the textarea where you can paste or type your news. PLEASE USE ONLY THE FEATURED IMAGE FUNCTION on your right column to add the image.&#8221; _builder_version=&#8221;4.21.0&#8243; _module_preset=&#8221;default&#8221; custom_padding=&#8221;||1em||false|false&#8221; global_colors_info=&#8221;{}&#8221;]<\/p>\n<p class=\"my-2 [&amp;+p]:mt-4 [&amp;_strong:has(+br)]:inline-block [&amp;_strong:has(+br)]:pb-2\">La coalition \u00d6VP-SP\u00d6-NEOS au pouvoir en Autriche a d\u00e9voil\u00e9 les d\u00e9tails d&#8217;un nouveau fonds de r\u00e9forme de la sant\u00e9 qui fournira environ 500 millions d&#8217;euros par an sur cinq ans pour moderniser le syst\u00e8me de sant\u00e9, combler les lacunes en mati\u00e8re de soins et am\u00e9liorer l&#8217;acc\u00e8s aux services. Financ\u00e9 par une augmentation des cotisations des retrait\u00e9s \u00e0 l&#8217;assurance maladie, le fonds vise \u00e0 d\u00e9velopper les unit\u00e9s de soins de sant\u00e9 primaires (PVE), \u00e0 renforcer les soins pr\u00e9ventifs, \u00e0 stimuler les services de sant\u00e9 mentale et \u00e0 am\u00e9liorer l&#8217;infrastructure num\u00e9rique des soins de sant\u00e9. <\/p>\n<p class=\"my-2 [&amp;+p]:mt-4 [&amp;_strong:has(+br)]:inline-block [&amp;_strong:has(+br)]:pb-2\">La ministre de la sant\u00e9, Korinna Schumann, a d\u00e9clar\u00e9 que le fonds visera une couverture nationale des services et une vie plus saine dans tous les groupes d&#8217;\u00e2ge, depuis la nutrition des enfants et la pr\u00e9vention des maladies jusqu&#8217;\u00e0 l&#8217;ind\u00e9pendance des personnes \u00e2g\u00e9es. D&#8217;ici \u00e0 2030, l&#8217;objectif est d&#8217;\u00e9tablir 300 centres de soins primaires, de sant\u00e9 f\u00e9minine et de diab\u00e8te, soutenus par une plus grande num\u00e9risation, des t\u00e9l\u00e9services et un num\u00e9ro d&#8217;appel d&#8217;urgence unifi\u00e9 1450. <\/p>\n<p class=\"my-2 [&amp;+p]:mt-4 [&amp;_strong:has(+br)]:inline-block [&amp;_strong:has(+br)]:pb-2\">Le fonds sera supervis\u00e9 par un conseil consultatif compos\u00e9 de cinq membres, dont deux experts de la sant\u00e9, qui recommandera les d\u00e9cisions de financement \u00e0 l&#8217;approbation du ministre. Le directeur du Fonds autrichien d&#8217;assurance maladie, Andreas Huss, a salu\u00e9 cette initiative comme une \u00e9tape cl\u00e9 vers des soins stables et centr\u00e9s sur le patient. <\/p>\n<p class=\"my-2 [&amp;+p]:mt-4 [&amp;_strong:has(+br)]:inline-block [&amp;_strong:has(+br)]:pb-2\">Cependant, les Verts ont critiqu\u00e9 le plan comme \u00e9tant une mesure superficielle sans v\u00e9ritable r\u00e9forme, avertissant qu&#8217;il cr\u00e9e trois fonds distincts plut\u00f4t qu&#8217;un instrument unifi\u00e9 et qu&#8217;il laisse la place \u00e0 des nominations politiques au sein du conseil consultatif.<\/p>\n<p>[\/et_pb_text][et_pb_text admin_label=&#8221;TO BE EDITED &#8211; TEXT OF THE NEWS &#8211; BLOCK 2 &#8211; Click on the WHEEL icon to open the textarea where you can paste or type your news. PLEASE USE ONLY THE FEATURED IMAGE FUNCTION on your right column to add the image.&#8221; _builder_version=&#8221;4.21.0&#8243; _module_preset=&#8221;default&#8221; global_colors_info=&#8221;{}&#8221;][\/et_pb_text][\/et_pb_column][\/et_pb_row][\/et_pb_section]<\/p>\n","protected":false},"excerpt":{"rendered":"<p>Le gouvernement de coalition autrichien va lancer un fonds de r\u00e9forme de la sant\u00e9 de 500 millions d&#8217;euros par an pour d\u00e9velopper les soins primaires, renforcer la pr\u00e9vention et stimuler les services de sant\u00e9 num\u00e9riques. Accueilli favorablement par les agences de sant\u00e9, le plan fait face \u00e0 la critique des Verts pour son manque de&#8230;<\/p>\n","protected":false},"author":2098,"featured_media":987791816,"comment_status":"closed","ping_status":"closed","template":"","meta":{"_et_pb_use_builder":"on","_et_pb_old_content":"","_et_gb_content_width":""},"categories":[2707],"tags":[3049,2471,2473,3061],"acf":[],"_links":{"self":[{"href":"https:\/\/p4h.world\/fr\/wp-json\/wp\/v2\/news\/987791846"}],"collection":[{"href":"https:\/\/p4h.world\/fr\/wp-json\/wp\/v2\/news"}],"about":[{"href":"https:\/\/p4h.world\/fr\/wp-json\/wp\/v2\/types\/news"}],"author":[{"embeddable":true,"href":"https:\/\/p4h.world\/fr\/wp-json\/wp\/v2\/users\/2098"}],"replies":[{"embeddable":true,"href":"https:\/\/p4h.world\/fr\/wp-json\/wp\/v2\/comments?post=987791846"}],"version-history":[{"count":6,"href":"https:\/\/p4h.world\/fr\/wp-json\/wp\/v2\/news\/987791846\/revisions"}],"predecessor-version":[{"id":987791887,"href":"https:\/\/p4h.world\/fr\/wp-json\/wp\/v2\/news\/987791846\/revisions\/987791887"}],"wp:featuredmedia":[{"embeddable":true,"href":"https:\/\/p4h.world\/fr\/wp-json\/wp\/v2\/media\/987791816"}],"wp:attachment":[{"href":"https:\/\/p4h.world\/fr\/wp-json\/wp\/v2\/media?parent=987791846"}],"wp:term":[{"taxonomy":"category","embeddable":true,"href":"https:\/\/p4h.world\/fr\/wp-json\/wp\/v2\/categories?post=987791846"},{"taxonomy":"post_tag","embeddable":true,"href":"https:\/\/p4h.world\/fr\/wp-json\/wp\/v2\/tags?post=987791846"}],"curies":[{"name":"wp","href":"https:\/\/api.w.org\/{rel}","templated":true}]}}